{"id":12196,"date":"2018-10-18T12:00:16","date_gmt":"2018-10-18T10:00:16","guid":{"rendered":"http:\/\/35.204.194.178\/?p=12196"},"modified":"2019-07-02T02:24:33","modified_gmt":"2019-07-02T00:24:33","slug":"advired-byl-gold-sponzorem-konference-salesforce-basecamp-2018-v-praze","status":"publish","type":"post","link":"https:\/\/advired.cz\/en\/advired-byl-gold-sponzorem-konference-salesforce-basecamp-2018-v-praze\/","title":{"rendered":"Advired byl GOLD SPONZOREM konference Salesforce Basecamp 2018 v Praze"},"content":{"rendered":"<h3 class=\"wp-block-heading\">V \u0159ijnu jsem byli partnery exkluzivn\u00ed konference&nbsp;konanou v r\u00e1mci European Salesforce Basecamp Tour.&nbsp;<br><br><strong>DIGITALIZACE OBCHODU &amp;&nbsp;MARKETINGU<br>Z\u00c1KAZNICK\u00c1&nbsp;P\u00c9\u010cE &amp;&nbsp;UM\u011aL\u00c1 INTELIGENCE<\/strong><\/h3>\n\n\n\n<p>Salesforce Basecamp Praha: Den inovace a inspirace<\/p>\n\n\n\n<p><strong>\u00dater\u00fd 16. \u0159\u00edjna 2018 od 8:00 do 17:00 Pal\u00e1c \u017dof\u00edn, Prha<\/strong><\/p>\n\n\n\n<p>Jedine\u010dn\u00e1 akce, kter\u00e1 po&nbsp;2 letech op\u011bt zav\u00edtala do Prahy.&nbsp;Den pln\u00fd diskuz\u00ed o inovac\u00edch, nejnov\u011bj\u0161\u00edch digit\u00e1ln\u00edch trendech, automatizac\u00edch, digit\u00e1ln\u00edm&nbsp;marketingu, B2B i B2C obchodu, personifikovan\u00e9m z\u00e1kaznick\u00e9m&nbsp;servisu i um\u011bl\u00e9 inteligenci.<br>&nbsp;<\/p>\n\n\n\n<p>N\u00e1\u0161\u00a0st\u00e1nek\u00a0v sekci\u00a0&#8222;Partner Expa&#8220; nav\u0161t\u00edvila \u0159ada st\u00e1vaj\u00edc\u00edch i budouc\u00edch z\u00e1kazn\u00edk\u016f. D\u011bkujeme za n\u00e1v\u0161t\u011bvu.<\/p>\n\n\n\n<figure class=\"wp-block-image\"><img fetchpriority=\"high\" decoding=\"async\" width=\"630\" height=\"354\" src=\"https:\/\/advired-web.s3.amazonaws.com\/2019\/07\/basecamp2018-2-630x354.png\" alt=\"\" class=\"wp-image-12197\"\/><\/figure>\n\n\n\n<p>Agenda:<\/p>\n\n\n\n<p>08:00 &#8211; 09:30 Registrace a otev\u0159en\u00ed prostor Campground<\/p>\n\n\n\n<p>09:30 &#8211; 11:00 \u00davodn\u00ed prezentace<\/p>\n\n\n\n<p>11:00 &#8211; 17:00 Meetingy, prezentace, workshopy<\/p>\n\n\n\n<ul><li>Nechte se inspirovat p\u0159\u00edb\u011bhy Salesforce z\u00e1kazn\u00edk\u016f, jejich prezentacemi,&nbsp;uk\u00e1zkami&nbsp;jejich \u0159e\u0161en\u00ed.<\/li><li>Zjist\u011bte, jak fungovat l\u00e9pe se zcela novou&nbsp;Salesforce Customer Success Platformou.<\/li><li>Promluvte si s experty a prozkoumejte inovativn\u00ed \u0159e\u0161en\u00ed v r\u00e1mci&nbsp;Salesforce Partner Expo.<\/li><li>Poznejte nejnov\u011bj\u0161\u00ed produkty z d\u00edlny Salesforce&nbsp;&#8211; v\u010detn\u011b produkt\u016f zam\u011b\u0159en\u00fdch na um\u011blou inteligenci, vzd\u011bl\u00e1v\u00e1n\u00ed, eCommerce, spolupr\u00e1ci v r\u00e1mci t\u00fdm\u016f i se z\u00e1kazn\u00edky nebo partnery, mo\u017enosti integrace&nbsp;syst\u00e9m\u016f.<\/li><\/ul>\n\n\n\n<p>T\u011b\u0161\u00edme se op\u011bt za rok!<\/p>","protected":false},"excerpt":{"rendered":"<p>V \u0159ijnu jsem byli partnery exkluzivn\u00ed konference&nbsp;konanou v r\u00e1mci European Salesforce Basecamp Tour.&nbsp; DIGITALIZACE OBCHODU &amp;&nbsp;MARKETINGUZ\u00c1KAZNICK\u00c1&nbsp;P\u00c9\u010cE &amp;&nbsp;UM\u011aL\u00c1 INTELIGENCE Salesforce Basecamp Praha: Den inovace a inspirace \u00dater\u00fd 16. \u0159\u00edjna 2018 od 8:00 do 17:00 Pal\u00e1c \u017dof\u00edn, Prha Jedine\u010dn\u00e1 akce, kter\u00e1 po&nbsp;2 letech op\u011bt zav\u00edtala do Prahy.&nbsp;Den pln\u00fd diskuz\u00ed o inovac\u00edch, nejnov\u011bj\u0161\u00edch digit\u00e1ln\u00edch trendech, automatizac\u00edch, digit\u00e1ln\u00edm&nbsp;marketingu, B2B i B2C obchodu, personifikovan\u00e9m z\u00e1kaznick\u00e9m&nbsp;servisu i um\u011bl\u00e9 inteligenci.&nbsp; N\u00e1\u0161\u00a0st\u00e1nek\u00a0v sekci\u00a0&#8222;Partner Expa&#8220; nav\u0161t\u00edvila \u0159ada st\u00e1vaj\u00edc\u00edch i budouc\u00edch z\u00e1kazn\u00edk\u016f. D\u011bkujeme za n\u00e1v\u0161t\u011bvu. Agenda: 08:00 &#8211; 09:30 Registrace a otev\u0159en\u00ed prostor Campground 09:30 &#8211; 11:00 \u00davodn\u00ed prezentace 11:00 &#8211; 17:00 Meetingy, prezentace, workshopy Nechte se inspirovat p\u0159\u00edb\u011bhy Salesforce z\u00e1kazn\u00edk\u016f, jejich prezentacemi,&nbsp;uk\u00e1zkami&nbsp;jejich \u0159e\u0161en\u00ed. Zjist\u011bte, jak fungovat l\u00e9pe se zcela novou&nbsp;Salesforce Customer Success Platformou. Promluvte si s experty a prozkoumejte inovativn\u00ed \u0159e\u0161en\u00ed v r\u00e1mci&nbsp;Salesforce Partner Expo. Poznejte nejnov\u011bj\u0161\u00ed produkty z d\u00edlny Salesforce&nbsp;&#8211; v\u010detn\u011b produkt\u016f zam\u011b\u0159en\u00fdch na um\u011blou inteligenci, vzd\u011bl\u00e1v\u00e1n\u00ed, eCommerce, spolupr\u00e1ci v r\u00e1mci t\u00fdm\u016f i se z\u00e1kazn\u00edky nebo partnery, mo\u017enosti&hellip;<\/p>\n<p> <a class=\"more-link\" href=\"https:\/\/advired.cz\/en\/advired-byl-gold-sponzorem-konference-salesforce-basecamp-2018-v-praze\/\">Read more<\/a><\/p>","protected":false},"author":1,"featured_media":12198,"comment_status":"closed","ping_status":"closed","sticky":false,"template":"","format":"standard","meta":{"footnotes":""},"categories":[29],"tags":[],"yoast_head":"<!-- This site is optimized with the Yoast SEO plugin v23.0 - https:\/\/yoast.com\/wordpress\/plugins\/seo\/ -->\n<title>Advired | Advired byl GOLD SPONZOREM konference Salesforce Basecamp 2018 v Praze<\/title>\n<meta name=\"robots\" content=\"index, follow, max-snippet:-1, max-image-preview:large, max-video-preview:-1\" \/>\n<link rel=\"canonical\" href=\"https:\/\/advired.cz\/en\/advired-byl-gold-sponzorem-konference-salesforce-basecamp-2018-v-praze\/\" \/>\n<meta property=\"og:locale\" content=\"en_US\" \/>\n<meta property=\"og:type\" content=\"article\" \/>\n<meta property=\"og:title\" content=\"Advired | Advired byl GOLD SPONZOREM konference Salesforce Basecamp 2018 v Praze\" \/>\n<meta property=\"og:description\" content=\"V \u0159ijnu jsem byli partnery exkluzivn\u00ed konference&nbsp;konanou v r\u00e1mci European Salesforce Basecamp Tour.&nbsp; DIGITALIZACE OBCHODU &amp;&nbsp;MARKETINGUZ\u00c1KAZNICK\u00c1&nbsp;P\u00c9\u010cE &amp;&nbsp;UM\u011aL\u00c1 INTELIGENCE Salesforce Basecamp Praha: Den inovace a inspirace \u00dater\u00fd 16. \u0159\u00edjna 2018 od 8:00 do 17:00 Pal\u00e1c \u017dof\u00edn, Prha Jedine\u010dn\u00e1 akce, kter\u00e1 po&nbsp;2 letech op\u011bt zav\u00edtala do Prahy.&nbsp;Den pln\u00fd diskuz\u00ed o inovac\u00edch, nejnov\u011bj\u0161\u00edch digit\u00e1ln\u00edch trendech, automatizac\u00edch, digit\u00e1ln\u00edm&nbsp;marketingu, B2B i B2C obchodu, personifikovan\u00e9m z\u00e1kaznick\u00e9m&nbsp;servisu i um\u011bl\u00e9 inteligenci.&nbsp; N\u00e1\u0161\u00a0st\u00e1nek\u00a0v sekci\u00a0&#8222;Partner Expa&#8220; nav\u0161t\u00edvila \u0159ada st\u00e1vaj\u00edc\u00edch i budouc\u00edch z\u00e1kazn\u00edk\u016f. D\u011bkujeme za n\u00e1v\u0161t\u011bvu. Agenda: 08:00 &#8211; 09:30 Registrace a otev\u0159en\u00ed prostor Campground 09:30 &#8211; 11:00 \u00davodn\u00ed prezentace 11:00 &#8211; 17:00 Meetingy, prezentace, workshopy Nechte se inspirovat p\u0159\u00edb\u011bhy Salesforce z\u00e1kazn\u00edk\u016f, jejich prezentacemi,&nbsp;uk\u00e1zkami&nbsp;jejich \u0159e\u0161en\u00ed. Zjist\u011bte, jak fungovat l\u00e9pe se zcela novou&nbsp;Salesforce Customer Success Platformou. Promluvte si s experty a prozkoumejte inovativn\u00ed \u0159e\u0161en\u00ed v r\u00e1mci&nbsp;Salesforce Partner Expo. Poznejte nejnov\u011bj\u0161\u00ed produkty z d\u00edlny Salesforce&nbsp;&#8211; v\u010detn\u011b produkt\u016f zam\u011b\u0159en\u00fdch na um\u011blou inteligenci, vzd\u011bl\u00e1v\u00e1n\u00ed, eCommerce, spolupr\u00e1ci v r\u00e1mci t\u00fdm\u016f i se z\u00e1kazn\u00edky nebo partnery, mo\u017enosti&hellip;  Read more\" \/>\n<meta property=\"og:url\" content=\"https:\/\/advired.cz\/en\/advired-byl-gold-sponzorem-konference-salesforce-basecamp-2018-v-praze\/\" \/>\n<meta property=\"og:site_name\" content=\"Advired\" \/>\n<meta property=\"article:publisher\" content=\"https:\/\/facebook.com\/advired\/\" \/>\n<meta property=\"article:published_time\" content=\"2018-10-18T10:00:16+00:00\" \/>\n<meta property=\"article:modified_time\" content=\"2019-07-02T00:24:33+00:00\" \/>\n<meta property=\"og:image\" content=\"https:\/\/advired-web.s3.amazonaws.com\/2019\/07\/basecamp2018-1.png\" \/>\n\t<meta property=\"og:image:width\" content=\"630\" \/>\n\t<meta property=\"og:image:height\" content=\"354\" \/>\n\t<meta property=\"og:image:type\" content=\"image\/png\" \/>\n<meta name=\"author\" content=\"Luk\u00e1\u0161 Novotn\u00fd\" \/>\n<meta name=\"twitter:card\" content=\"summary_large_image\" \/>\n<meta name=\"twitter:label1\" content=\"Written by\" \/>\n\t<meta name=\"twitter:data1\" content=\"Luk\u00e1\u0161 Novotn\u00fd\" \/>\n\t<meta name=\"twitter:label2\" content=\"Est. reading time\" \/>\n\t<meta name=\"twitter:data2\" content=\"1 minute\" \/>\n<script type=\"application\/ld+json\" class=\"yoast-schema-graph\">{\"@context\":\"https:\/\/schema.org\",\"@graph\":[{\"@type\":\"Article\",\"@id\":\"https:\/\/advired.cz\/cs\/advired-byl-gold-sponzorem-konference-salesforce-basecamp-2018-v-praze\/#article\",\"isPartOf\":{\"@id\":\"https:\/\/advired.cz\/cs\/advired-byl-gold-sponzorem-konference-salesforce-basecamp-2018-v-praze\/\"},\"author\":{\"name\":\"Luk\u00e1\u0161 Novotn\u00fd\",\"@id\":\"https:\/\/advired.cz\/cs\/#\/schema\/person\/b0d4947c2acb1b2d6a7d02a102f951c1\"},\"headline\":\"Advired byl GOLD SPONZOREM konference Salesforce Basecamp 2018 v Praze\",\"datePublished\":\"2018-10-18T10:00:16+00:00\",\"dateModified\":\"2019-07-02T00:24:33+00:00\",\"mainEntityOfPage\":{\"@id\":\"https:\/\/advired.cz\/cs\/advired-byl-gold-sponzorem-konference-salesforce-basecamp-2018-v-praze\/\"},\"wordCount\":252,\"publisher\":{\"@id\":\"https:\/\/advired.cz\/cs\/#organization\"},\"image\":{\"@id\":\"https:\/\/advired.cz\/cs\/advired-byl-gold-sponzorem-konference-salesforce-basecamp-2018-v-praze\/#primaryimage\"},\"thumbnailUrl\":\"https:\/\/advired-web.s3.amazonaws.com\/2019\/07\/basecamp2018-1.png\",\"articleSection\":[\"Novinky\"],\"inLanguage\":\"en-US\"},{\"@type\":\"WebPage\",\"@id\":\"https:\/\/advired.cz\/cs\/advired-byl-gold-sponzorem-konference-salesforce-basecamp-2018-v-praze\/\",\"url\":\"https:\/\/advired.cz\/cs\/advired-byl-gold-sponzorem-konference-salesforce-basecamp-2018-v-praze\/\",\"name\":\"Advired | Advired byl GOLD SPONZOREM konference Salesforce Basecamp 2018 v Praze\",\"isPartOf\":{\"@id\":\"https:\/\/advired.cz\/cs\/#website\"},\"primaryImageOfPage\":{\"@id\":\"https:\/\/advired.cz\/cs\/advired-byl-gold-sponzorem-konference-salesforce-basecamp-2018-v-praze\/#primaryimage\"},\"image\":{\"@id\":\"https:\/\/advired.cz\/cs\/advired-byl-gold-sponzorem-konference-salesforce-basecamp-2018-v-praze\/#primaryimage\"},\"thumbnailUrl\":\"https:\/\/advired-web.s3.amazonaws.com\/2019\/07\/basecamp2018-1.png\",\"datePublished\":\"2018-10-18T10:00:16+00:00\",\"dateModified\":\"2019-07-02T00:24:33+00:00\",\"breadcrumb\":{\"@id\":\"https:\/\/advired.cz\/cs\/advired-byl-gold-sponzorem-konference-salesforce-basecamp-2018-v-praze\/#breadcrumb\"},\"inLanguage\":\"en-US\",\"potentialAction\":[{\"@type\":\"ReadAction\",\"target\":[\"https:\/\/advired.cz\/cs\/advired-byl-gold-sponzorem-konference-salesforce-basecamp-2018-v-praze\/\"]}]},{\"@type\":\"ImageObject\",\"inLanguage\":\"en-US\",\"@id\":\"https:\/\/advired.cz\/cs\/advired-byl-gold-sponzorem-konference-salesforce-basecamp-2018-v-praze\/#primaryimage\",\"url\":\"https:\/\/advired-web.s3.amazonaws.com\/2019\/07\/basecamp2018-1.png\",\"contentUrl\":\"https:\/\/advired-web.s3.amazonaws.com\/2019\/07\/basecamp2018-1.png\",\"width\":630,\"height\":354},{\"@type\":\"BreadcrumbList\",\"@id\":\"https:\/\/advired.cz\/cs\/advired-byl-gold-sponzorem-konference-salesforce-basecamp-2018-v-praze\/#breadcrumb\",\"itemListElement\":[{\"@type\":\"ListItem\",\"position\":1,\"name\":\"Dom\u016f\",\"item\":\"https:\/\/advired.cz\/cs\/\"},{\"@type\":\"ListItem\",\"position\":2,\"name\":\"Advired byl GOLD SPONZOREM konference Salesforce Basecamp 2018 v Praze\"}]},{\"@type\":\"WebSite\",\"@id\":\"https:\/\/advired.cz\/cs\/#website\",\"url\":\"https:\/\/advired.cz\/cs\/\",\"name\":\"Advired\",\"description\":\"Salesforce implementace, obchod, marketing &amp; HR, Google \u0159e\u0161en\u00ed, IT poradenstv\u00ed, ETL\",\"publisher\":{\"@id\":\"https:\/\/advired.cz\/cs\/#organization\"},\"potentialAction\":[{\"@type\":\"SearchAction\",\"target\":{\"@type\":\"EntryPoint\",\"urlTemplate\":\"https:\/\/advired.cz\/cs\/?s={search_term_string}\"},\"query-input\":\"required name=search_term_string\"}],\"inLanguage\":\"en-US\"},{\"@type\":\"Organization\",\"@id\":\"https:\/\/advired.cz\/cs\/#organization\",\"name\":\"Advired\",\"url\":\"https:\/\/advired.cz\/cs\/\",\"logo\":{\"@type\":\"ImageObject\",\"inLanguage\":\"en-US\",\"@id\":\"https:\/\/advired.cz\/cs\/#\/schema\/logo\/image\/\",\"url\":\"http:\/\/advired.loc\/app\/uploads\/2019\/07\/advired-logo-rgb.png\",\"contentUrl\":\"http:\/\/advired.loc\/app\/uploads\/2019\/07\/advired-logo-rgb.png\",\"width\":1998,\"height\":397,\"caption\":\"Advired\"},\"image\":{\"@id\":\"https:\/\/advired.cz\/cs\/#\/schema\/logo\/image\/\"},\"sameAs\":[\"https:\/\/facebook.com\/advired\/\"]},{\"@type\":\"Person\",\"@id\":\"https:\/\/advired.cz\/cs\/#\/schema\/person\/b0d4947c2acb1b2d6a7d02a102f951c1\",\"name\":\"Luk\u00e1\u0161 Novotn\u00fd\",\"url\":\"https:\/\/advired.cz\/en\/author\/lukas-novotny\/\"}]}<\/script>\n<!-- \/ Yoast SEO plugin. -->","yoast_head_json":{"title":"Advired | Advired byl GOLD SPONZOREM konference Salesforce Basecamp 2018 v Praze","robots":{"index":"index","follow":"follow","max-snippet":"max-snippet:-1","max-image-preview":"max-image-preview:large","max-video-preview":"max-video-preview:-1"},"canonical":"https:\/\/advired.cz\/en\/advired-byl-gold-sponzorem-konference-salesforce-basecamp-2018-v-praze\/","og_locale":"en_US","og_type":"article","og_title":"Advired | Advired byl GOLD SPONZOREM konference Salesforce Basecamp 2018 v Praze","og_description":"V \u0159ijnu jsem byli partnery exkluzivn\u00ed konference&nbsp;konanou v r\u00e1mci European Salesforce Basecamp Tour.&nbsp; DIGITALIZACE OBCHODU &amp;&nbsp;MARKETINGUZ\u00c1KAZNICK\u00c1&nbsp;P\u00c9\u010cE &amp;&nbsp;UM\u011aL\u00c1 INTELIGENCE Salesforce Basecamp Praha: Den inovace a inspirace \u00dater\u00fd 16. \u0159\u00edjna 2018 od 8:00 do 17:00 Pal\u00e1c \u017dof\u00edn, Prha Jedine\u010dn\u00e1 akce, kter\u00e1 po&nbsp;2 letech op\u011bt zav\u00edtala do Prahy.&nbsp;Den pln\u00fd diskuz\u00ed o inovac\u00edch, nejnov\u011bj\u0161\u00edch digit\u00e1ln\u00edch trendech, automatizac\u00edch, digit\u00e1ln\u00edm&nbsp;marketingu, B2B i B2C obchodu, personifikovan\u00e9m z\u00e1kaznick\u00e9m&nbsp;servisu i um\u011bl\u00e9 inteligenci.&nbsp; N\u00e1\u0161\u00a0st\u00e1nek\u00a0v sekci\u00a0&#8222;Partner Expa&#8220; nav\u0161t\u00edvila \u0159ada st\u00e1vaj\u00edc\u00edch i budouc\u00edch z\u00e1kazn\u00edk\u016f. D\u011bkujeme za n\u00e1v\u0161t\u011bvu. Agenda: 08:00 &#8211; 09:30 Registrace a otev\u0159en\u00ed prostor Campground 09:30 &#8211; 11:00 \u00davodn\u00ed prezentace 11:00 &#8211; 17:00 Meetingy, prezentace, workshopy Nechte se inspirovat p\u0159\u00edb\u011bhy Salesforce z\u00e1kazn\u00edk\u016f, jejich prezentacemi,&nbsp;uk\u00e1zkami&nbsp;jejich \u0159e\u0161en\u00ed. Zjist\u011bte, jak fungovat l\u00e9pe se zcela novou&nbsp;Salesforce Customer Success Platformou. Promluvte si s experty a prozkoumejte inovativn\u00ed \u0159e\u0161en\u00ed v r\u00e1mci&nbsp;Salesforce Partner Expo. Poznejte nejnov\u011bj\u0161\u00ed produkty z d\u00edlny Salesforce&nbsp;&#8211; v\u010detn\u011b produkt\u016f zam\u011b\u0159en\u00fdch na um\u011blou inteligenci, vzd\u011bl\u00e1v\u00e1n\u00ed, eCommerce, spolupr\u00e1ci v r\u00e1mci t\u00fdm\u016f i se z\u00e1kazn\u00edky nebo partnery, mo\u017enosti&hellip;  Read more","og_url":"https:\/\/advired.cz\/en\/advired-byl-gold-sponzorem-konference-salesforce-basecamp-2018-v-praze\/","og_site_name":"Advired","article_publisher":"https:\/\/facebook.com\/advired\/","article_published_time":"2018-10-18T10:00:16+00:00","article_modified_time":"2019-07-02T00:24:33+00:00","og_image":[{"width":630,"height":354,"url":"https:\/\/advired-web.s3.amazonaws.com\/2019\/07\/basecamp2018-1.png","type":"image\/png"}],"author":"Luk\u00e1\u0161 Novotn\u00fd","twitter_card":"summary_large_image","twitter_misc":{"Written by":"Luk\u00e1\u0161 Novotn\u00fd","Est. reading time":"1 minute"},"schema":{"@context":"https:\/\/schema.org","@graph":[{"@type":"Article","@id":"https:\/\/advired.cz\/cs\/advired-byl-gold-sponzorem-konference-salesforce-basecamp-2018-v-praze\/#article","isPartOf":{"@id":"https:\/\/advired.cz\/cs\/advired-byl-gold-sponzorem-konference-salesforce-basecamp-2018-v-praze\/"},"author":{"name":"Luk\u00e1\u0161 Novotn\u00fd","@id":"https:\/\/advired.cz\/cs\/#\/schema\/person\/b0d4947c2acb1b2d6a7d02a102f951c1"},"headline":"Advired byl GOLD SPONZOREM konference Salesforce Basecamp 2018 v Praze","datePublished":"2018-10-18T10:00:16+00:00","dateModified":"2019-07-02T00:24:33+00:00","mainEntityOfPage":{"@id":"https:\/\/advired.cz\/cs\/advired-byl-gold-sponzorem-konference-salesforce-basecamp-2018-v-praze\/"},"wordCount":252,"publisher":{"@id":"https:\/\/advired.cz\/cs\/#organization"},"image":{"@id":"https:\/\/advired.cz\/cs\/advired-byl-gold-sponzorem-konference-salesforce-basecamp-2018-v-praze\/#primaryimage"},"thumbnailUrl":"https:\/\/advired-web.s3.amazonaws.com\/2019\/07\/basecamp2018-1.png","articleSection":["Novinky"],"inLanguage":"en-US"},{"@type":"WebPage","@id":"https:\/\/advired.cz\/cs\/advired-byl-gold-sponzorem-konference-salesforce-basecamp-2018-v-praze\/","url":"https:\/\/advired.cz\/cs\/advired-byl-gold-sponzorem-konference-salesforce-basecamp-2018-v-praze\/","name":"Advired | Advired byl GOLD SPONZOREM konference Salesforce Basecamp 2018 v Praze","isPartOf":{"@id":"https:\/\/advired.cz\/cs\/#website"},"primaryImageOfPage":{"@id":"https:\/\/advired.cz\/cs\/advired-byl-gold-sponzorem-konference-salesforce-basecamp-2018-v-praze\/#primaryimage"},"image":{"@id":"https:\/\/advired.cz\/cs\/advired-byl-gold-sponzorem-konference-salesforce-basecamp-2018-v-praze\/#primaryimage"},"thumbnailUrl":"https:\/\/advired-web.s3.amazonaws.com\/2019\/07\/basecamp2018-1.png","datePublished":"2018-10-18T10:00:16+00:00","dateModified":"2019-07-02T00:24:33+00:00","breadcrumb":{"@id":"https:\/\/advired.cz\/cs\/advired-byl-gold-sponzorem-konference-salesforce-basecamp-2018-v-praze\/#breadcrumb"},"inLanguage":"en-US","potentialAction":[{"@type":"ReadAction","target":["https:\/\/advired.cz\/cs\/advired-byl-gold-sponzorem-konference-salesforce-basecamp-2018-v-praze\/"]}]},{"@type":"ImageObject","inLanguage":"en-US","@id":"https:\/\/advired.cz\/cs\/advired-byl-gold-sponzorem-konference-salesforce-basecamp-2018-v-praze\/#primaryimage","url":"https:\/\/advired-web.s3.amazonaws.com\/2019\/07\/basecamp2018-1.png","contentUrl":"https:\/\/advired-web.s3.amazonaws.com\/2019\/07\/basecamp2018-1.png","width":630,"height":354},{"@type":"BreadcrumbList","@id":"https:\/\/advired.cz\/cs\/advired-byl-gold-sponzorem-konference-salesforce-basecamp-2018-v-praze\/#breadcrumb","itemListElement":[{"@type":"ListItem","position":1,"name":"Dom\u016f","item":"https:\/\/advired.cz\/cs\/"},{"@type":"ListItem","position":2,"name":"Advired byl GOLD SPONZOREM konference Salesforce Basecamp 2018 v Praze"}]},{"@type":"WebSite","@id":"https:\/\/advired.cz\/cs\/#website","url":"https:\/\/advired.cz\/cs\/","name":"Advired","description":"Salesforce implementace, obchod, marketing &amp; HR, Google \u0159e\u0161en\u00ed, IT poradenstv\u00ed, ETL","publisher":{"@id":"https:\/\/advired.cz\/cs\/#organization"},"potentialAction":[{"@type":"SearchAction","target":{"@type":"EntryPoint","urlTemplate":"https:\/\/advired.cz\/cs\/?s={search_term_string}"},"query-input":"required name=search_term_string"}],"inLanguage":"en-US"},{"@type":"Organization","@id":"https:\/\/advired.cz\/cs\/#organization","name":"Advired","url":"https:\/\/advired.cz\/cs\/","logo":{"@type":"ImageObject","inLanguage":"en-US","@id":"https:\/\/advired.cz\/cs\/#\/schema\/logo\/image\/","url":"http:\/\/advired.loc\/app\/uploads\/2019\/07\/advired-logo-rgb.png","contentUrl":"http:\/\/advired.loc\/app\/uploads\/2019\/07\/advired-logo-rgb.png","width":1998,"height":397,"caption":"Advired"},"image":{"@id":"https:\/\/advired.cz\/cs\/#\/schema\/logo\/image\/"},"sameAs":["https:\/\/facebook.com\/advired\/"]},{"@type":"Person","@id":"https:\/\/advired.cz\/cs\/#\/schema\/person\/b0d4947c2acb1b2d6a7d02a102f951c1","name":"Luk\u00e1\u0161 Novotn\u00fd","url":"https:\/\/advired.cz\/en\/author\/lukas-novotny\/"}]}},"_links":{"self":[{"href":"https:\/\/advired.cz\/en\/wp-json\/wp\/v2\/posts\/12196"}],"collection":[{"href":"https:\/\/advired.cz\/en\/wp-json\/wp\/v2\/posts"}],"about":[{"href":"https:\/\/advired.cz\/en\/wp-json\/wp\/v2\/types\/post"}],"author":[{"embeddable":true,"href":"https:\/\/advired.cz\/en\/wp-json\/wp\/v2\/users\/1"}],"replies":[{"embeddable":true,"href":"https:\/\/advired.cz\/en\/wp-json\/wp\/v2\/comments?post=12196"}],"version-history":[{"count":1,"href":"https:\/\/advired.cz\/en\/wp-json\/wp\/v2\/posts\/12196\/revisions"}],"predecessor-version":[{"id":12199,"href":"https:\/\/advired.cz\/en\/wp-json\/wp\/v2\/posts\/12196\/revisions\/12199"}],"wp:featuredmedia":[{"embeddable":true,"href":"https:\/\/advired.cz\/en\/wp-json\/wp\/v2\/media\/12198"}],"wp:attachment":[{"href":"https:\/\/advired.cz\/en\/wp-json\/wp\/v2\/media?parent=12196"}],"wp:term":[{"taxonomy":"category","embeddable":true,"href":"https:\/\/advired.cz\/en\/wp-json\/wp\/v2\/categories?post=12196"},{"taxonomy":"post_tag","embeddable":true,"href":"https:\/\/advired.cz\/en\/wp-json\/wp\/v2\/tags?post=12196"}],"curies":[{"name":"wp","href":"https:\/\/api.w.org\/{rel}","templated":true}]}}