{"id":12193,"date":"2018-05-23T12:00:03","date_gmt":"2018-05-23T10:00:03","guid":{"rendered":"http:\/\/35.204.194.178\/?p=12193"},"modified":"2019-07-02T02:19:23","modified_gmt":"2019-07-02T00:19:23","slug":"personalizovany-marketing-a-crm-jde-to-i-v-b2c","status":"publish","type":"post","link":"https:\/\/advired.cz\/en\/personalizovany-marketing-a-crm-jde-to-i-v-b2c\/","title":{"rendered":"Personalizovan\u00fd marketing a CRM &#8211; jde to i v B2C"},"content":{"rendered":"<p>Lid\u00e9 se r\u00e1di c\u00edt\u00ed b\u00fdti jedine\u010dn\u00fdmi. Chcete jim v tom vyj\u00edt vst\u0159\u00edc? Cel\u00e9 dopoledne budeme prob\u00edrat mo\u017enosti, jak marketingov\u00e1 sd\u011blen\u00ed co nejv\u00edce p\u0159ibl\u00ed\u017eit o\u010dek\u00e1v\u00e1n\u00edm va\u0161ich z\u00e1kazn\u00edk\u016fm. Existuj\u00ed kvalitn\u00ed technologick\u00e9 n\u00e1stroje i zdroje informac\u00ed o z\u00e1kazn\u00edc\u00edch. Jak to ale ud\u011blat, aby z\u00e1kazn\u00edci vn\u00edmali va\u0161e marketingov\u00e9 aktivity jako p\u0159\u00ednos nikoliv jako hrozbu? P\u0159ij\u010fte se zapojit do diskuze o personifikaci marketingu, r\u00e1di si poslechneme tak\u00e9 va\u0161\u00ed osobn\u00ed zku\u0161enost a poznatky.<\/p>\n\n\n\n<p>Kdy:&nbsp;<strong>St\u0159eda 13.\u010dervna, od 8:00 do 11:45<\/strong><br>Kde:&nbsp;<strong>Caf\u00e9 Louvre, N\u00e1rodn\u00ed 22, Praha (https:\/\/www.cafelouvre.cz\/)<\/strong><br><a href=\"https:\/\/www.salesforce.com\/eu\/events\/details\/cz-b2c-prague-16-05-18\/\" target=\"_blank\" rel=\"noreferrer noopener\"><br><strong>REGISTRACE ZDE&nbsp;<\/strong><\/a><\/p>\n\n\n\n<p><strong>Agenda<\/strong><\/p>\n\n\n\n<p>8:00 \u2013 Sn\u00eddan\u011b a networking<br>9:00 \u2013 \u00davodn\u00ed slovo &#8211; Jan Mal\u00fd (Advired), Daniel U\u0159minsk\u00fd (Blue Infinity)<br>9:10 \u2013 Aktu\u00e1n\u00ed trendy, rozd\u00edly v B2B a B2C strategi\u00edch &#8211; Jan Mal\u00fd (Advired), Michal Rul\u00edk (Salesforce)<br>9:40 \u2013 Vyu\u017eit\u00ed specifik generac\u00ed X, Y, Z pro marketing a prodej &#8211; Vlasta Janovcov\u00e1 (Advired), workshop<\/p>\n\n\n\n<ul><li>kr\u00e1tk\u00e9 p\u0159edstaven\u00ed generac\u00ed X,Y,Z, \u010d\u00edm se odli\u0161uj\u00ed a co je spojuje<\/li><li>trval\u00e9 mezigenera\u010dn\u00ed rozd\u00edly<\/li><li>nov\u00e9 charakteristiky podle tzv. teorie kulturn\u00edch generac\u00ed<\/li><li>chov\u00e1n\u00ed Generace Y a Z ve st\u00e1le je\u0161t\u011b p\u0159evl\u00e1daj\u00edc\u00edm prost\u0159ed\u00ed Generace X<\/li><li>jak vyu\u017e\u00edt specifika jako konkuren\u010dn\u00ed v\u00fdhodu pro marketing a prodej<\/li><\/ul>\n\n\n\n<p>10:30 \u2013 p\u0159est\u00e1vka na k\u00e1vu<br>10:45 \u2013 Marketingov\u00e9 a CRM n\u00e1stroje pro B2C &#8211; Daniel U\u0159minsk\u00fd (Blue Infinity), demo a uk\u00e1zka Salesforce technologi\u00ed<\/p>\n\n\n\n<ul><li>Marketing Cloud (Social Studio, Email Studio, Mobile Studio, Journey Builder)<\/li><li>Service Cloud<\/li><li>Community Cloud<\/li><\/ul>\n\n\n\n<p>11:45 \u2013 Shrnut\u00ed a zakon\u010den\u00ed programu pracovn\u00ed sn\u00eddan\u011b<\/p>\n\n\n\n<p>T\u011b\u0161\u00edme se na setk\u00e1n\u00ed!<\/p>","protected":false},"excerpt":{"rendered":"<p>Lid\u00e9 se r\u00e1di c\u00edt\u00ed b\u00fdti jedine\u010dn\u00fdmi. Chcete jim v tom vyj\u00edt vst\u0159\u00edc? Cel\u00e9 dopoledne budeme prob\u00edrat mo\u017enosti, jak marketingov\u00e1 sd\u011blen\u00ed co nejv\u00edce p\u0159ibl\u00ed\u017eit o\u010dek\u00e1v\u00e1n\u00edm va\u0161ich z\u00e1kazn\u00edk\u016fm. Existuj\u00ed kvalitn\u00ed technologick\u00e9 n\u00e1stroje i zdroje informac\u00ed o z\u00e1kazn\u00edc\u00edch. Jak to ale ud\u011blat, aby z\u00e1kazn\u00edci vn\u00edmali va\u0161e marketingov\u00e9 aktivity jako p\u0159\u00ednos nikoliv jako hrozbu? P\u0159ij\u010fte se zapojit do diskuze o personifikaci marketingu, r\u00e1di si poslechneme tak\u00e9 va\u0161\u00ed osobn\u00ed zku\u0161enost a poznatky. Kdy:&nbsp;St\u0159eda 13.\u010dervna, od 8:00 do 11:45Kde:&nbsp;Caf\u00e9 Louvre, N\u00e1rodn\u00ed 22, Praha (https:\/\/www.cafelouvre.cz\/)REGISTRACE ZDE&nbsp; Agenda 8:00 \u2013 Sn\u00eddan\u011b a networking9:00 \u2013 \u00davodn\u00ed slovo &#8211; Jan Mal\u00fd (Advired), Daniel U\u0159minsk\u00fd (Blue Infinity)9:10 \u2013 Aktu\u00e1n\u00ed trendy, rozd\u00edly v B2B a B2C strategi\u00edch &#8211; Jan Mal\u00fd (Advired), Michal Rul\u00edk (Salesforce)9:40 \u2013 Vyu\u017eit\u00ed specifik generac\u00ed X, Y, Z pro marketing a prodej &#8211; Vlasta Janovcov\u00e1 (Advired), workshop kr\u00e1tk\u00e9 p\u0159edstaven\u00ed generac\u00ed X,Y,Z, \u010d\u00edm se odli\u0161uj\u00ed a co je spojuje trval\u00e9 mezigenera\u010dn\u00ed rozd\u00edly nov\u00e9 charakteristiky podle tzv. teorie kulturn\u00edch generac\u00ed chov\u00e1n\u00ed&hellip;<\/p>\n<p> <a class=\"more-link\" href=\"https:\/\/advired.cz\/en\/personalizovany-marketing-a-crm-jde-to-i-v-b2c\/\">Read more<\/a><\/p>","protected":false},"author":1,"featured_media":12194,"comment_status":"closed","ping_status":"closed","sticky":false,"template":"","format":"standard","meta":{"footnotes":""},"categories":[29],"tags":[],"yoast_head":"<!-- This site is optimized with the Yoast SEO plugin v23.0 - https:\/\/yoast.com\/wordpress\/plugins\/seo\/ -->\n<title>Advired | Personalizovan\u00fd marketing a CRM - jde to i v B2C<\/title>\n<meta name=\"robots\" content=\"index, follow, max-snippet:-1, max-image-preview:large, max-video-preview:-1\" \/>\n<link rel=\"canonical\" href=\"https:\/\/advired.cz\/en\/personalizovany-marketing-a-crm-jde-to-i-v-b2c\/\" \/>\n<meta property=\"og:locale\" content=\"en_US\" \/>\n<meta property=\"og:type\" content=\"article\" \/>\n<meta property=\"og:title\" content=\"Advired | Personalizovan\u00fd marketing a CRM - jde to i v B2C\" \/>\n<meta property=\"og:description\" content=\"Lid\u00e9 se r\u00e1di c\u00edt\u00ed b\u00fdti jedine\u010dn\u00fdmi. Chcete jim v tom vyj\u00edt vst\u0159\u00edc? Cel\u00e9 dopoledne budeme prob\u00edrat mo\u017enosti, jak marketingov\u00e1 sd\u011blen\u00ed co nejv\u00edce p\u0159ibl\u00ed\u017eit o\u010dek\u00e1v\u00e1n\u00edm va\u0161ich z\u00e1kazn\u00edk\u016fm. Existuj\u00ed kvalitn\u00ed technologick\u00e9 n\u00e1stroje i zdroje informac\u00ed o z\u00e1kazn\u00edc\u00edch. Jak to ale ud\u011blat, aby z\u00e1kazn\u00edci vn\u00edmali va\u0161e marketingov\u00e9 aktivity jako p\u0159\u00ednos nikoliv jako hrozbu? P\u0159ij\u010fte se zapojit do diskuze o personifikaci marketingu, r\u00e1di si poslechneme tak\u00e9 va\u0161\u00ed osobn\u00ed zku\u0161enost a poznatky. Kdy:&nbsp;St\u0159eda 13.\u010dervna, od 8:00 do 11:45Kde:&nbsp;Caf\u00e9 Louvre, N\u00e1rodn\u00ed 22, Praha (https:\/\/www.cafelouvre.cz\/)REGISTRACE ZDE&nbsp; Agenda 8:00 \u2013 Sn\u00eddan\u011b a networking9:00 \u2013 \u00davodn\u00ed slovo &#8211; Jan Mal\u00fd (Advired), Daniel U\u0159minsk\u00fd (Blue Infinity)9:10 \u2013 Aktu\u00e1n\u00ed trendy, rozd\u00edly v B2B a B2C strategi\u00edch &#8211; Jan Mal\u00fd (Advired), Michal Rul\u00edk (Salesforce)9:40 \u2013 Vyu\u017eit\u00ed specifik generac\u00ed X, Y, Z pro marketing a prodej &#8211; Vlasta Janovcov\u00e1 (Advired), workshop kr\u00e1tk\u00e9 p\u0159edstaven\u00ed generac\u00ed X,Y,Z, \u010d\u00edm se odli\u0161uj\u00ed a co je spojuje trval\u00e9 mezigenera\u010dn\u00ed rozd\u00edly nov\u00e9 charakteristiky podle tzv. teorie kulturn\u00edch generac\u00ed chov\u00e1n\u00ed&hellip;  Read more\" \/>\n<meta property=\"og:url\" content=\"https:\/\/advired.cz\/en\/personalizovany-marketing-a-crm-jde-to-i-v-b2c\/\" \/>\n<meta property=\"og:site_name\" content=\"Advired\" \/>\n<meta property=\"article:publisher\" content=\"https:\/\/facebook.com\/advired\/\" \/>\n<meta property=\"article:published_time\" content=\"2018-05-23T10:00:03+00:00\" \/>\n<meta property=\"article:modified_time\" content=\"2019-07-02T00:19:23+00:00\" \/>\n<meta property=\"og:image\" content=\"https:\/\/advired-web.s3.amazonaws.com\/2019\/07\/girl.png\" \/>\n\t<meta property=\"og:image:width\" content=\"630\" \/>\n\t<meta property=\"og:image:height\" content=\"420\" \/>\n\t<meta property=\"og:image:type\" content=\"image\/png\" \/>\n<meta name=\"author\" content=\"Luk\u00e1\u0161 Novotn\u00fd\" \/>\n<meta name=\"twitter:card\" content=\"summary_large_image\" \/>\n<meta name=\"twitter:label1\" content=\"Written by\" \/>\n\t<meta name=\"twitter:data1\" content=\"Luk\u00e1\u0161 Novotn\u00fd\" \/>\n\t<meta name=\"twitter:label2\" content=\"Est. reading time\" \/>\n\t<meta name=\"twitter:data2\" content=\"1 minute\" \/>\n<script type=\"application\/ld+json\" class=\"yoast-schema-graph\">{\"@context\":\"https:\/\/schema.org\",\"@graph\":[{\"@type\":\"Article\",\"@id\":\"https:\/\/advired.cz\/cs\/personalizovany-marketing-a-crm-jde-to-i-v-b2c\/#article\",\"isPartOf\":{\"@id\":\"https:\/\/advired.cz\/cs\/personalizovany-marketing-a-crm-jde-to-i-v-b2c\/\"},\"author\":{\"name\":\"Luk\u00e1\u0161 Novotn\u00fd\",\"@id\":\"https:\/\/advired.cz\/cs\/#\/schema\/person\/b0d4947c2acb1b2d6a7d02a102f951c1\"},\"headline\":\"Personalizovan\u00fd marketing a CRM &#8211; jde to i v B2C\",\"datePublished\":\"2018-05-23T10:00:03+00:00\",\"dateModified\":\"2019-07-02T00:19:23+00:00\",\"mainEntityOfPage\":{\"@id\":\"https:\/\/advired.cz\/cs\/personalizovany-marketing-a-crm-jde-to-i-v-b2c\/\"},\"wordCount\":303,\"publisher\":{\"@id\":\"https:\/\/advired.cz\/cs\/#organization\"},\"image\":{\"@id\":\"https:\/\/advired.cz\/cs\/personalizovany-marketing-a-crm-jde-to-i-v-b2c\/#primaryimage\"},\"thumbnailUrl\":\"https:\/\/advired-web.s3.amazonaws.com\/2019\/07\/girl.png\",\"articleSection\":[\"Novinky\"],\"inLanguage\":\"en-US\"},{\"@type\":\"WebPage\",\"@id\":\"https:\/\/advired.cz\/cs\/personalizovany-marketing-a-crm-jde-to-i-v-b2c\/\",\"url\":\"https:\/\/advired.cz\/cs\/personalizovany-marketing-a-crm-jde-to-i-v-b2c\/\",\"name\":\"Advired | Personalizovan\u00fd marketing a CRM - jde to i v B2C\",\"isPartOf\":{\"@id\":\"https:\/\/advired.cz\/cs\/#website\"},\"primaryImageOfPage\":{\"@id\":\"https:\/\/advired.cz\/cs\/personalizovany-marketing-a-crm-jde-to-i-v-b2c\/#primaryimage\"},\"image\":{\"@id\":\"https:\/\/advired.cz\/cs\/personalizovany-marketing-a-crm-jde-to-i-v-b2c\/#primaryimage\"},\"thumbnailUrl\":\"https:\/\/advired-web.s3.amazonaws.com\/2019\/07\/girl.png\",\"datePublished\":\"2018-05-23T10:00:03+00:00\",\"dateModified\":\"2019-07-02T00:19:23+00:00\",\"breadcrumb\":{\"@id\":\"https:\/\/advired.cz\/cs\/personalizovany-marketing-a-crm-jde-to-i-v-b2c\/#breadcrumb\"},\"inLanguage\":\"en-US\",\"potentialAction\":[{\"@type\":\"ReadAction\",\"target\":[\"https:\/\/advired.cz\/cs\/personalizovany-marketing-a-crm-jde-to-i-v-b2c\/\"]}]},{\"@type\":\"ImageObject\",\"inLanguage\":\"en-US\",\"@id\":\"https:\/\/advired.cz\/cs\/personalizovany-marketing-a-crm-jde-to-i-v-b2c\/#primaryimage\",\"url\":\"https:\/\/advired-web.s3.amazonaws.com\/2019\/07\/girl.png\",\"contentUrl\":\"https:\/\/advired-web.s3.amazonaws.com\/2019\/07\/girl.png\",\"width\":630,\"height\":420},{\"@type\":\"BreadcrumbList\",\"@id\":\"https:\/\/advired.cz\/cs\/personalizovany-marketing-a-crm-jde-to-i-v-b2c\/#breadcrumb\",\"itemListElement\":[{\"@type\":\"ListItem\",\"position\":1,\"name\":\"Dom\u016f\",\"item\":\"https:\/\/advired.cz\/cs\/\"},{\"@type\":\"ListItem\",\"position\":2,\"name\":\"Personalizovan\u00fd marketing a CRM &#8211; jde to i v B2C\"}]},{\"@type\":\"WebSite\",\"@id\":\"https:\/\/advired.cz\/cs\/#website\",\"url\":\"https:\/\/advired.cz\/cs\/\",\"name\":\"Advired\",\"description\":\"Salesforce implementace, obchod, marketing &amp; HR, Google \u0159e\u0161en\u00ed, IT poradenstv\u00ed, ETL\",\"publisher\":{\"@id\":\"https:\/\/advired.cz\/cs\/#organization\"},\"potentialAction\":[{\"@type\":\"SearchAction\",\"target\":{\"@type\":\"EntryPoint\",\"urlTemplate\":\"https:\/\/advired.cz\/cs\/?s={search_term_string}\"},\"query-input\":\"required name=search_term_string\"}],\"inLanguage\":\"en-US\"},{\"@type\":\"Organization\",\"@id\":\"https:\/\/advired.cz\/cs\/#organization\",\"name\":\"Advired\",\"url\":\"https:\/\/advired.cz\/cs\/\",\"logo\":{\"@type\":\"ImageObject\",\"inLanguage\":\"en-US\",\"@id\":\"https:\/\/advired.cz\/cs\/#\/schema\/logo\/image\/\",\"url\":\"http:\/\/advired.loc\/app\/uploads\/2019\/07\/advired-logo-rgb.png\",\"contentUrl\":\"http:\/\/advired.loc\/app\/uploads\/2019\/07\/advired-logo-rgb.png\",\"width\":1998,\"height\":397,\"caption\":\"Advired\"},\"image\":{\"@id\":\"https:\/\/advired.cz\/cs\/#\/schema\/logo\/image\/\"},\"sameAs\":[\"https:\/\/facebook.com\/advired\/\"]},{\"@type\":\"Person\",\"@id\":\"https:\/\/advired.cz\/cs\/#\/schema\/person\/b0d4947c2acb1b2d6a7d02a102f951c1\",\"name\":\"Luk\u00e1\u0161 Novotn\u00fd\",\"url\":\"https:\/\/advired.cz\/en\/author\/lukas-novotny\/\"}]}<\/script>\n<!-- \/ Yoast SEO plugin. -->","yoast_head_json":{"title":"Advired | Personalizovan\u00fd marketing a CRM - jde to i v B2C","robots":{"index":"index","follow":"follow","max-snippet":"max-snippet:-1","max-image-preview":"max-image-preview:large","max-video-preview":"max-video-preview:-1"},"canonical":"https:\/\/advired.cz\/en\/personalizovany-marketing-a-crm-jde-to-i-v-b2c\/","og_locale":"en_US","og_type":"article","og_title":"Advired | Personalizovan\u00fd marketing a CRM - jde to i v B2C","og_description":"Lid\u00e9 se r\u00e1di c\u00edt\u00ed b\u00fdti jedine\u010dn\u00fdmi. Chcete jim v tom vyj\u00edt vst\u0159\u00edc? Cel\u00e9 dopoledne budeme prob\u00edrat mo\u017enosti, jak marketingov\u00e1 sd\u011blen\u00ed co nejv\u00edce p\u0159ibl\u00ed\u017eit o\u010dek\u00e1v\u00e1n\u00edm va\u0161ich z\u00e1kazn\u00edk\u016fm. Existuj\u00ed kvalitn\u00ed technologick\u00e9 n\u00e1stroje i zdroje informac\u00ed o z\u00e1kazn\u00edc\u00edch. Jak to ale ud\u011blat, aby z\u00e1kazn\u00edci vn\u00edmali va\u0161e marketingov\u00e9 aktivity jako p\u0159\u00ednos nikoliv jako hrozbu? P\u0159ij\u010fte se zapojit do diskuze o personifikaci marketingu, r\u00e1di si poslechneme tak\u00e9 va\u0161\u00ed osobn\u00ed zku\u0161enost a poznatky. Kdy:&nbsp;St\u0159eda 13.\u010dervna, od 8:00 do 11:45Kde:&nbsp;Caf\u00e9 Louvre, N\u00e1rodn\u00ed 22, Praha (https:\/\/www.cafelouvre.cz\/)REGISTRACE ZDE&nbsp; Agenda 8:00 \u2013 Sn\u00eddan\u011b a networking9:00 \u2013 \u00davodn\u00ed slovo &#8211; Jan Mal\u00fd (Advired), Daniel U\u0159minsk\u00fd (Blue Infinity)9:10 \u2013 Aktu\u00e1n\u00ed trendy, rozd\u00edly v B2B a B2C strategi\u00edch &#8211; Jan Mal\u00fd (Advired), Michal Rul\u00edk (Salesforce)9:40 \u2013 Vyu\u017eit\u00ed specifik generac\u00ed X, Y, Z pro marketing a prodej &#8211; Vlasta Janovcov\u00e1 (Advired), workshop kr\u00e1tk\u00e9 p\u0159edstaven\u00ed generac\u00ed X,Y,Z, \u010d\u00edm se odli\u0161uj\u00ed a co je spojuje trval\u00e9 mezigenera\u010dn\u00ed rozd\u00edly nov\u00e9 charakteristiky podle tzv. teorie kulturn\u00edch generac\u00ed chov\u00e1n\u00ed&hellip;  Read more","og_url":"https:\/\/advired.cz\/en\/personalizovany-marketing-a-crm-jde-to-i-v-b2c\/","og_site_name":"Advired","article_publisher":"https:\/\/facebook.com\/advired\/","article_published_time":"2018-05-23T10:00:03+00:00","article_modified_time":"2019-07-02T00:19:23+00:00","og_image":[{"width":630,"height":420,"url":"https:\/\/advired-web.s3.amazonaws.com\/2019\/07\/girl.png","type":"image\/png"}],"author":"Luk\u00e1\u0161 Novotn\u00fd","twitter_card":"summary_large_image","twitter_misc":{"Written by":"Luk\u00e1\u0161 Novotn\u00fd","Est. reading time":"1 minute"},"schema":{"@context":"https:\/\/schema.org","@graph":[{"@type":"Article","@id":"https:\/\/advired.cz\/cs\/personalizovany-marketing-a-crm-jde-to-i-v-b2c\/#article","isPartOf":{"@id":"https:\/\/advired.cz\/cs\/personalizovany-marketing-a-crm-jde-to-i-v-b2c\/"},"author":{"name":"Luk\u00e1\u0161 Novotn\u00fd","@id":"https:\/\/advired.cz\/cs\/#\/schema\/person\/b0d4947c2acb1b2d6a7d02a102f951c1"},"headline":"Personalizovan\u00fd marketing a CRM &#8211; jde to i v B2C","datePublished":"2018-05-23T10:00:03+00:00","dateModified":"2019-07-02T00:19:23+00:00","mainEntityOfPage":{"@id":"https:\/\/advired.cz\/cs\/personalizovany-marketing-a-crm-jde-to-i-v-b2c\/"},"wordCount":303,"publisher":{"@id":"https:\/\/advired.cz\/cs\/#organization"},"image":{"@id":"https:\/\/advired.cz\/cs\/personalizovany-marketing-a-crm-jde-to-i-v-b2c\/#primaryimage"},"thumbnailUrl":"https:\/\/advired-web.s3.amazonaws.com\/2019\/07\/girl.png","articleSection":["Novinky"],"inLanguage":"en-US"},{"@type":"WebPage","@id":"https:\/\/advired.cz\/cs\/personalizovany-marketing-a-crm-jde-to-i-v-b2c\/","url":"https:\/\/advired.cz\/cs\/personalizovany-marketing-a-crm-jde-to-i-v-b2c\/","name":"Advired | Personalizovan\u00fd marketing a CRM - jde to i v B2C","isPartOf":{"@id":"https:\/\/advired.cz\/cs\/#website"},"primaryImageOfPage":{"@id":"https:\/\/advired.cz\/cs\/personalizovany-marketing-a-crm-jde-to-i-v-b2c\/#primaryimage"},"image":{"@id":"https:\/\/advired.cz\/cs\/personalizovany-marketing-a-crm-jde-to-i-v-b2c\/#primaryimage"},"thumbnailUrl":"https:\/\/advired-web.s3.amazonaws.com\/2019\/07\/girl.png","datePublished":"2018-05-23T10:00:03+00:00","dateModified":"2019-07-02T00:19:23+00:00","breadcrumb":{"@id":"https:\/\/advired.cz\/cs\/personalizovany-marketing-a-crm-jde-to-i-v-b2c\/#breadcrumb"},"inLanguage":"en-US","potentialAction":[{"@type":"ReadAction","target":["https:\/\/advired.cz\/cs\/personalizovany-marketing-a-crm-jde-to-i-v-b2c\/"]}]},{"@type":"ImageObject","inLanguage":"en-US","@id":"https:\/\/advired.cz\/cs\/personalizovany-marketing-a-crm-jde-to-i-v-b2c\/#primaryimage","url":"https:\/\/advired-web.s3.amazonaws.com\/2019\/07\/girl.png","contentUrl":"https:\/\/advired-web.s3.amazonaws.com\/2019\/07\/girl.png","width":630,"height":420},{"@type":"BreadcrumbList","@id":"https:\/\/advired.cz\/cs\/personalizovany-marketing-a-crm-jde-to-i-v-b2c\/#breadcrumb","itemListElement":[{"@type":"ListItem","position":1,"name":"Dom\u016f","item":"https:\/\/advired.cz\/cs\/"},{"@type":"ListItem","position":2,"name":"Personalizovan\u00fd marketing a CRM &#8211; jde to i v B2C"}]},{"@type":"WebSite","@id":"https:\/\/advired.cz\/cs\/#website","url":"https:\/\/advired.cz\/cs\/","name":"Advired","description":"Salesforce implementace, obchod, marketing &amp; HR, Google \u0159e\u0161en\u00ed, IT poradenstv\u00ed, ETL","publisher":{"@id":"https:\/\/advired.cz\/cs\/#organization"},"potentialAction":[{"@type":"SearchAction","target":{"@type":"EntryPoint","urlTemplate":"https:\/\/advired.cz\/cs\/?s={search_term_string}"},"query-input":"required name=search_term_string"}],"inLanguage":"en-US"},{"@type":"Organization","@id":"https:\/\/advired.cz\/cs\/#organization","name":"Advired","url":"https:\/\/advired.cz\/cs\/","logo":{"@type":"ImageObject","inLanguage":"en-US","@id":"https:\/\/advired.cz\/cs\/#\/schema\/logo\/image\/","url":"http:\/\/advired.loc\/app\/uploads\/2019\/07\/advired-logo-rgb.png","contentUrl":"http:\/\/advired.loc\/app\/uploads\/2019\/07\/advired-logo-rgb.png","width":1998,"height":397,"caption":"Advired"},"image":{"@id":"https:\/\/advired.cz\/cs\/#\/schema\/logo\/image\/"},"sameAs":["https:\/\/facebook.com\/advired\/"]},{"@type":"Person","@id":"https:\/\/advired.cz\/cs\/#\/schema\/person\/b0d4947c2acb1b2d6a7d02a102f951c1","name":"Luk\u00e1\u0161 Novotn\u00fd","url":"https:\/\/advired.cz\/en\/author\/lukas-novotny\/"}]}},"_links":{"self":[{"href":"https:\/\/advired.cz\/en\/wp-json\/wp\/v2\/posts\/12193"}],"collection":[{"href":"https:\/\/advired.cz\/en\/wp-json\/wp\/v2\/posts"}],"about":[{"href":"https:\/\/advired.cz\/en\/wp-json\/wp\/v2\/types\/post"}],"author":[{"embeddable":true,"href":"https:\/\/advired.cz\/en\/wp-json\/wp\/v2\/users\/1"}],"replies":[{"embeddable":true,"href":"https:\/\/advired.cz\/en\/wp-json\/wp\/v2\/comments?post=12193"}],"version-history":[{"count":1,"href":"https:\/\/advired.cz\/en\/wp-json\/wp\/v2\/posts\/12193\/revisions"}],"predecessor-version":[{"id":12195,"href":"https:\/\/advired.cz\/en\/wp-json\/wp\/v2\/posts\/12193\/revisions\/12195"}],"wp:featuredmedia":[{"embeddable":true,"href":"https:\/\/advired.cz\/en\/wp-json\/wp\/v2\/media\/12194"}],"wp:attachment":[{"href":"https:\/\/advired.cz\/en\/wp-json\/wp\/v2\/media?parent=12193"}],"wp:term":[{"taxonomy":"category","embeddable":true,"href":"https:\/\/advired.cz\/en\/wp-json\/wp\/v2\/categories?post=12193"},{"taxonomy":"post_tag","embeddable":true,"href":"https:\/\/advired.cz\/en\/wp-json\/wp\/v2\/tags?post=12193"}],"curies":[{"name":"wp","href":"https:\/\/api.w.org\/{rel}","templated":true}]}}